{"id":9512,"date":"2026-04-29T11:45:38","date_gmt":"2026-04-29T07:45:38","guid":{"rendered":"https:\/\/rasha-kelej.com\/?p=9512"},"modified":"2026-04-29T11:46:27","modified_gmt":"2026-04-29T07:46:27","slug":"message-from-dr-rasha-kelej-ceo-of-merck-foundation-on-marking-the-10th-anniversary-of-the-more-than-a-mother-movement","status":"publish","type":"post","link":"https:\/\/rasha-kelej.com\/?p=9512","title":{"rendered":"Message from Dr. Rasha Kelej, CEO of Merck Foundation, on marking the 10th anniversary of the \u201cMore Than a Mother\u201d Movement"},"content":{"rendered":"<figure class=\"wp-block-image size-large\"><img fetchpriority=\"high\" decoding=\"async\" width=\"1024\" height=\"640\" src=\"https:\/\/rasha-kelej.com\/wp-content\/uploads\/2026\/04\/WhatsApp-Image-2026-04-28-at-16_34_08-1024x640.jpeg\" alt=\"\" class=\"wp-image-9513\" srcset=\"https:\/\/rasha-kelej.com\/wp-content\/uploads\/2026\/04\/WhatsApp-Image-2026-04-28-at-16_34_08-1024x640.jpeg 1024w, https:\/\/rasha-kelej.com\/wp-content\/uploads\/2026\/04\/WhatsApp-Image-2026-04-28-at-16_34_08-300x188.jpeg 300w, https:\/\/rasha-kelej.com\/wp-content\/uploads\/2026\/04\/WhatsApp-Image-2026-04-28-at-16_34_08-768x480.jpeg 768w, https:\/\/rasha-kelej.com\/wp-content\/uploads\/2026\/04\/WhatsApp-Image-2026-04-28-at-16_34_08-1536x960.jpeg 1536w, https:\/\/rasha-kelej.com\/wp-content\/uploads\/2026\/04\/WhatsApp-Image-2026-04-28-at-16_34_08-600x375.jpeg 600w, https:\/\/rasha-kelej.com\/wp-content\/uploads\/2026\/04\/WhatsApp-Image-2026-04-28-at-16_34_08.jpeg 1600w\" sizes=\"(max-width: 1024px) 100vw, 1024px\" \/><\/figure><p>I am truly proud to mark the\u00a0<strong>10th Anniversary of \u201cMore Than a Mother\u201d movement<\/strong>, it has been an extraordinary journey, one that is very close to my heart.<\/p><figure class=\"wp-block-image size-full\"><img decoding=\"async\" width=\"1024\" height=\"682\" src=\"https:\/\/rasha-kelej.com\/wp-content\/uploads\/2026\/04\/MTM-Commitment-Board.jpg.jpeg\" alt=\"\" class=\"wp-image-9514\" srcset=\"https:\/\/rasha-kelej.com\/wp-content\/uploads\/2026\/04\/MTM-Commitment-Board.jpg.jpeg 1024w, https:\/\/rasha-kelej.com\/wp-content\/uploads\/2026\/04\/MTM-Commitment-Board.jpg-300x200.jpeg 300w, https:\/\/rasha-kelej.com\/wp-content\/uploads\/2026\/04\/MTM-Commitment-Board.jpg-768x512.jpeg 768w, https:\/\/rasha-kelej.com\/wp-content\/uploads\/2026\/04\/MTM-Commitment-Board.jpg-600x400.jpeg 600w\" sizes=\"(max-width: 1024px) 100vw, 1024px\" \/><\/figure><p>I created\u00a0<strong>\u201cMore Than a Mother\u201d<\/strong>\u00a0to break the stigma around infertility and to empower women living with infertility through access to information, education, health and change of mindset.<\/p><figure class=\"wp-block-image size-large\"><img decoding=\"async\" width=\"1024\" height=\"683\" src=\"https:\/\/rasha-kelej.com\/wp-content\/uploads\/2026\/04\/MG_1887.jpg-1024x683.jpeg\" alt=\"\" class=\"wp-image-9515\" srcset=\"https:\/\/rasha-kelej.com\/wp-content\/uploads\/2026\/04\/MG_1887.jpg-1024x683.jpeg 1024w, https:\/\/rasha-kelej.com\/wp-content\/uploads\/2026\/04\/MG_1887.jpg-300x200.jpeg 300w, https:\/\/rasha-kelej.com\/wp-content\/uploads\/2026\/04\/MG_1887.jpg-768x512.jpeg 768w, https:\/\/rasha-kelej.com\/wp-content\/uploads\/2026\/04\/MG_1887.jpg-1536x1024.jpeg 1536w, https:\/\/rasha-kelej.com\/wp-content\/uploads\/2026\/04\/MG_1887.jpg-600x400.jpeg 600w, https:\/\/rasha-kelej.com\/wp-content\/uploads\/2026\/04\/MG_1887.jpg.jpeg 1600w\" sizes=\"(max-width: 1024px) 100vw, 1024px\" \/><\/figure><p>Over the last 10 years, I have been honoured to work closely with\u00a0<em><strong>over 33 African and Asian First Ladies of countries including Zimbabwe, Zambia, Sierra Leone, Senegal, S\u00e3o Tom\u00e9 &amp; Pr\u00edncipe, Nigeria, Mozambique, Maldives, Malawi, Liberia, Kenya, Ghana, Gambia, Gabon, Democratic Republic of Congo, Central African Republic, Cabo Verde, Burundi, Botswana, and Angola as Ambassadors of \u201cMerck Foundation More than a Mother\u201d\u00a0<\/strong><\/em>to build reproductive and fertility care capacity, break infertility stigma and support girl education.<\/p><figure class=\"wp-block-image size-large\"><img loading=\"lazy\" decoding=\"async\" width=\"1024\" height=\"683\" src=\"https:\/\/rasha-kelej.com\/wp-content\/uploads\/2026\/04\/MG_4129.jpg-1024x683.jpeg\" alt=\"\" class=\"wp-image-9516\" srcset=\"https:\/\/rasha-kelej.com\/wp-content\/uploads\/2026\/04\/MG_4129.jpg-1024x683.jpeg 1024w, https:\/\/rasha-kelej.com\/wp-content\/uploads\/2026\/04\/MG_4129.jpg-300x200.jpeg 300w, https:\/\/rasha-kelej.com\/wp-content\/uploads\/2026\/04\/MG_4129.jpg-768x512.jpeg 768w, https:\/\/rasha-kelej.com\/wp-content\/uploads\/2026\/04\/MG_4129.jpg-1536x1024.jpeg 1536w, https:\/\/rasha-kelej.com\/wp-content\/uploads\/2026\/04\/MG_4129.jpg-600x400.jpeg 600w, https:\/\/rasha-kelej.com\/wp-content\/uploads\/2026\/04\/MG_4129.jpg.jpeg 1600w\" sizes=\"(max-width: 1024px) 100vw, 1024px\" \/><\/figure><p>As a part of the\u00a0<strong>\u201cMore Than a Mother\u201d movement<\/strong>, Merck Foundation,\u00a0<strong>together with African and Asian First Ladies<\/strong>, and their key partners including\u00a0<strong>Ministries of Health, Information, Education and Gender, academia, policymakers, international fertility societies, media, and art, has been breaking infertility stigma, raising awareness about male infertility,\u00a0<\/strong>and making history by reshaping the landscape of fertility and reproductive care across Africa and beyond.<\/p><figure class=\"wp-block-image size-large\"><img loading=\"lazy\" decoding=\"async\" width=\"1024\" height=\"683\" src=\"https:\/\/rasha-kelej.com\/wp-content\/uploads\/2026\/04\/MG_1887.jpg-1-1024x683.jpeg\" alt=\"\" class=\"wp-image-9517\" srcset=\"https:\/\/rasha-kelej.com\/wp-content\/uploads\/2026\/04\/MG_1887.jpg-1-1024x683.jpeg 1024w, https:\/\/rasha-kelej.com\/wp-content\/uploads\/2026\/04\/MG_1887.jpg-1-300x200.jpeg 300w, https:\/\/rasha-kelej.com\/wp-content\/uploads\/2026\/04\/MG_1887.jpg-1-768x512.jpeg 768w, https:\/\/rasha-kelej.com\/wp-content\/uploads\/2026\/04\/MG_1887.jpg-1-1536x1024.jpeg 1536w, https:\/\/rasha-kelej.com\/wp-content\/uploads\/2026\/04\/MG_1887.jpg-1-600x400.jpeg 600w, https:\/\/rasha-kelej.com\/wp-content\/uploads\/2026\/04\/MG_1887.jpg-1.jpeg 1600w\" sizes=\"(max-width: 1024px) 100vw, 1024px\" \/><\/figure><p>As a part of the\u00a0<strong>\u201cMore Than a Mother\u201d movement<\/strong>, Merck Foundation,\u00a0<strong>together with African and Asian First Ladies<\/strong>, and their key partners including\u00a0<strong>Ministries of Health, Information, Education and Gender, academia, policymakers, international fertility societies, media, and art, has been breaking infertility stigma, raising awareness about male infertility,\u00a0<\/strong>and making history by reshaping the landscape of fertility and reproductive care across Africa and beyond.<\/p><figure class=\"wp-block-image size-full\"><img loading=\"lazy\" decoding=\"async\" width=\"1024\" height=\"682\" src=\"https:\/\/rasha-kelej.com\/wp-content\/uploads\/2026\/04\/2016-CDI-Empowered-Women.jpg.jpeg\" alt=\"\" class=\"wp-image-9518\" srcset=\"https:\/\/rasha-kelej.com\/wp-content\/uploads\/2026\/04\/2016-CDI-Empowered-Women.jpg.jpeg 1024w, https:\/\/rasha-kelej.com\/wp-content\/uploads\/2026\/04\/2016-CDI-Empowered-Women.jpg-300x200.jpeg 300w, https:\/\/rasha-kelej.com\/wp-content\/uploads\/2026\/04\/2016-CDI-Empowered-Women.jpg-768x512.jpeg 768w, https:\/\/rasha-kelej.com\/wp-content\/uploads\/2026\/04\/2016-CDI-Empowered-Women.jpg-600x400.jpeg 600w\" sizes=\"(max-width: 1024px) 100vw, 1024px\" \/><\/figure><p>Moreover, we have also supported the establishment of the first-ever Public IVF centres in many countries including&nbsp;<strong>Kenya, Tanzania, Burundi, Niger, Rwanda, Ethiopia, Mauritius, Uganda and Guinea,<\/strong>&nbsp;by providing scholarships to train their IVF and fertility care teams.<\/p><figure class=\"wp-block-image size-large\"><img loading=\"lazy\" decoding=\"async\" width=\"1024\" height=\"683\" src=\"https:\/\/rasha-kelej.com\/wp-content\/uploads\/2026\/04\/MG_7241.jpg-1024x683.jpeg\" alt=\"\" class=\"wp-image-9519\" srcset=\"https:\/\/rasha-kelej.com\/wp-content\/uploads\/2026\/04\/MG_7241.jpg-1024x683.jpeg 1024w, https:\/\/rasha-kelej.com\/wp-content\/uploads\/2026\/04\/MG_7241.jpg-300x200.jpeg 300w, https:\/\/rasha-kelej.com\/wp-content\/uploads\/2026\/04\/MG_7241.jpg-768x512.jpeg 768w, https:\/\/rasha-kelej.com\/wp-content\/uploads\/2026\/04\/MG_7241.jpg-1536x1024.jpeg 1536w, https:\/\/rasha-kelej.com\/wp-content\/uploads\/2026\/04\/MG_7241.jpg-600x400.jpeg 600w, https:\/\/rasha-kelej.com\/wp-content\/uploads\/2026\/04\/MG_7241.jpg.jpeg 1600w\" sizes=\"(max-width: 1024px) 100vw, 1024px\" \/><\/figure><p>We have also been empowering childless and infertile women through our\u00a0<strong>\u201cEmpowering Berna\u201d<\/strong>\u00a0initiative under the<strong>\u00a0\u201cMore Than a Mother\u201d movement.<\/strong>\u00a0This initiative helps women who cannot be treated for infertility anymore by helping them get trained to establish small businesses so that they can be independent and rebuild their lives. Through\u00a0<strong>\u2018Empowering Berna\u2019<\/strong>, the lives of many infertile women have been transformed in many African countries\u00a0<strong>like Kenya, Uganda, Nigeria, Central African Republic, Niger, Malawi, and many more.<\/strong><\/p><figure class=\"wp-block-image size-large\"><img loading=\"lazy\" decoding=\"async\" width=\"1024\" height=\"683\" src=\"https:\/\/rasha-kelej.com\/wp-content\/uploads\/2026\/04\/MG_8483.jpg-1024x683.jpeg\" alt=\"\" class=\"wp-image-9520\" srcset=\"https:\/\/rasha-kelej.com\/wp-content\/uploads\/2026\/04\/MG_8483.jpg-1024x683.jpeg 1024w, https:\/\/rasha-kelej.com\/wp-content\/uploads\/2026\/04\/MG_8483.jpg-300x200.jpeg 300w, https:\/\/rasha-kelej.com\/wp-content\/uploads\/2026\/04\/MG_8483.jpg-768x512.jpeg 768w, https:\/\/rasha-kelej.com\/wp-content\/uploads\/2026\/04\/MG_8483.jpg-1536x1024.jpeg 1536w, https:\/\/rasha-kelej.com\/wp-content\/uploads\/2026\/04\/MG_8483.jpg-600x400.jpeg 600w, https:\/\/rasha-kelej.com\/wp-content\/uploads\/2026\/04\/MG_8483.jpg.jpeg 1600w\" sizes=\"(max-width: 1024px) 100vw, 1024px\" \/><\/figure><p>It\u2019s all about giving every woman the respect and the help she deserves to lead a fulfilling life, with or without a child.<\/p><figure class=\"wp-block-image size-large\"><img loading=\"lazy\" decoding=\"async\" width=\"1024\" height=\"680\" src=\"https:\/\/rasha-kelej.com\/wp-content\/uploads\/2026\/04\/DSC_1639.JPG-1024x680.jpeg\" alt=\"\" class=\"wp-image-9521\" srcset=\"https:\/\/rasha-kelej.com\/wp-content\/uploads\/2026\/04\/DSC_1639.JPG-1024x680.jpeg 1024w, https:\/\/rasha-kelej.com\/wp-content\/uploads\/2026\/04\/DSC_1639.JPG-300x199.jpeg 300w, https:\/\/rasha-kelej.com\/wp-content\/uploads\/2026\/04\/DSC_1639.JPG-768x510.jpeg 768w, https:\/\/rasha-kelej.com\/wp-content\/uploads\/2026\/04\/DSC_1639.JPG-1536x1020.jpeg 1536w, https:\/\/rasha-kelej.com\/wp-content\/uploads\/2026\/04\/DSC_1639.JPG-600x399.jpeg 600w, https:\/\/rasha-kelej.com\/wp-content\/uploads\/2026\/04\/DSC_1639.JPG.jpeg 1600w\" sizes=\"(max-width: 1024px) 100vw, 1024px\" \/><\/figure><p>Moreover, Merck Foundation has trained more than<strong>&nbsp;3700 media representatives from more than 35 countries<\/strong>&nbsp;to raise community awareness and break the stigma around infertility and infertile and childless women.<\/p><p>In partnership with Africa\u2019s First Ladies, we have also launched&nbsp;<strong>\u2018More Than Mother\u2019 Children\u2019s storybook<\/strong>&nbsp;to emphasize strong family values of love and respect from a young age which will reflect on eliminating the stigma of infertility and the resulted domestic violence in the future. The storybooks have been localized for each country and in three languages, English, French and Portuguese to better connect with the young readers. The book has also been adapted to an animation film.<\/p><p class=\"has-text-align-center\"><strong>Watch More Than a Mother Animation Film here:\u00a0<\/strong><\/p><figure class=\"wp-block-embed is-type-video is-provider-youtube wp-block-embed-youtube wp-embed-aspect-16-9 wp-has-aspect-ratio\"><div class=\"wp-block-embed__wrapper\">\n<div class=\"ast-oembed-container \" style=\"height: 100%;\"><iframe title=\"\u201cMore Than a Mother\u201d - Merck Foundation Animation Film to break Infertility Stigma\" width=\"500\" height=\"281\" src=\"https:\/\/www.youtube.com\/embed\/ri1vnt7VM-M?feature=oembed\" frameborder=\"0\" allow=\"accelerometer; autoplay; clipboard-write; encrypted-media; gyroscope; picture-in-picture; web-share\" referrerpolicy=\"strict-origin-when-cross-origin\" allowfullscreen><\/iframe><\/div>\n<\/div><\/figure><p><strong>Our pan African TV program\u00a0\u201cOur Africa\u201d,<\/strong>\u00a0that is\u00a0conceptualized, produced, directed, and co-hosted by\u00a0<strong>me, and features African Fashion Designers, Singers, and prominent experts\u00a0from various domains with the aim to raise awareness and create a culture shift across Africa<\/strong>, has many episodes dedicated to raise awareness about infertility and breaking infertility stigma.<\/p><p class=\"has-text-align-center\"><strong>Watch the episodes here:<\/strong><\/p><p class=\"has-text-align-center\"><strong>Episode 3:&nbsp;<\/strong><\/p><figure class=\"wp-block-embed is-type-video is-provider-youtube wp-block-embed-youtube wp-embed-aspect-16-9 wp-has-aspect-ratio\"><div class=\"wp-block-embed__wrapper\">\n<div class=\"ast-oembed-container \" style=\"height: 100%;\"><iframe title=\"&#039;Our Africa by Merck Foundation&#039; TV Program, Ep.3: Breaking Infertility Stigma\" width=\"500\" height=\"281\" src=\"https:\/\/www.youtube.com\/embed\/BONCtUJZLHI?feature=oembed\" frameborder=\"0\" allow=\"accelerometer; autoplay; clipboard-write; encrypted-media; gyroscope; picture-in-picture; web-share\" referrerpolicy=\"strict-origin-when-cross-origin\" allowfullscreen><\/iframe><\/div>\n<\/div><\/figure><p class=\"has-text-align-center\"><strong>Episode 5:\u00a0<\/strong><\/p><figure class=\"wp-block-embed is-type-video is-provider-youtube wp-block-embed-youtube wp-embed-aspect-16-9 wp-has-aspect-ratio\"><div class=\"wp-block-embed__wrapper\">\n<div class=\"ast-oembed-container \" style=\"height: 100%;\"><iframe title=\"&#039;Our Africa by Merck Foundation&#039; TV Program, Ep.5: Breaking Stigma around Infertility\" width=\"500\" height=\"281\" src=\"https:\/\/www.youtube.com\/embed\/RqobIDOHc4E?feature=oembed\" frameborder=\"0\" allow=\"accelerometer; autoplay; clipboard-write; encrypted-media; gyroscope; picture-in-picture; web-share\" referrerpolicy=\"strict-origin-when-cross-origin\" allowfullscreen><\/iframe><\/div>\n<\/div><\/figure><p class=\"has-text-align-center\"><strong>Episode 10:\u00a0<\/strong><\/p><figure class=\"wp-block-embed is-type-video is-provider-youtube wp-block-embed-youtube wp-embed-aspect-16-9 wp-has-aspect-ratio\"><div class=\"wp-block-embed__wrapper\">\n<div class=\"ast-oembed-container \" style=\"height: 100%;\"><iframe title=\"&#039;Our Africa by Merck Foundation&#039; TV Program, Ep.10: No To Infertility Stigma\" width=\"500\" height=\"281\" src=\"https:\/\/www.youtube.com\/embed\/FXkB6sYb2Rw?feature=oembed\" frameborder=\"0\" allow=\"accelerometer; autoplay; clipboard-write; encrypted-media; gyroscope; picture-in-picture; web-share\" referrerpolicy=\"strict-origin-when-cross-origin\" allowfullscreen><\/iframe><\/div>\n<\/div><\/figure><p>We have also released about&nbsp;<strong>30 songs, many of these songs have been created with the aim to break the infertility stigma, as a part of their \u201cMore Than a Mother\u201d campaign.<\/strong>&nbsp;Listen to some of the songs here:<\/p><p class=\"has-text-align-center\"><strong>Watch, share &amp; subscribe to the &#8216;Plus qu&#8217;une MERE&#8217; composed and sung by Ms. Lucky-Lou, the daughter of The President and The First Lady of Burundi:&nbsp;<\/strong><\/p><figure class=\"wp-block-embed is-type-video is-provider-youtube wp-block-embed-youtube wp-embed-aspect-16-9 wp-has-aspect-ratio\"><div class=\"wp-block-embed__wrapper\">\n<div class=\"ast-oembed-container \" style=\"height: 100%;\"><iframe title=\"&#039;Plus qu&#039;une mere&#039; song by Lucky-Lou daughter of Burundi First Lady, H.E. ANGELINE NDAYISHIMIYE\" width=\"500\" height=\"281\" src=\"https:\/\/www.youtube.com\/embed\/EEUjxjqlHv0?feature=oembed\" frameborder=\"0\" allow=\"accelerometer; autoplay; clipboard-write; encrypted-media; gyroscope; picture-in-picture; web-share\" referrerpolicy=\"strict-origin-when-cross-origin\" allowfullscreen><\/iframe><\/div>\n<\/div><\/figure><p class=\"has-text-align-center\"><strong>Watch, share &amp; subscribe to the \u201cMore Than a Mother\u201d song by Cwesi Oteng and Adina from Ghana:&nbsp;<\/strong><\/p><figure class=\"wp-block-embed is-type-video is-provider-youtube wp-block-embed-youtube wp-embed-aspect-16-9 wp-has-aspect-ratio\"><div class=\"wp-block-embed__wrapper\">\n<div class=\"ast-oembed-container \" style=\"height: 100%;\"><iframe title=\"Merck More than a Mother song by Cwesi Oteng &amp; Adina from Ghana\" width=\"500\" height=\"281\" src=\"https:\/\/www.youtube.com\/embed\/NQ6ZprqAAJs?feature=oembed\" frameborder=\"0\" allow=\"accelerometer; autoplay; clipboard-write; encrypted-media; gyroscope; picture-in-picture; web-share\" referrerpolicy=\"strict-origin-when-cross-origin\" allowfullscreen><\/iframe><\/div>\n<\/div><\/figure><p class=\"has-text-align-center\"><strong>Watch, share &amp; subscribe to the \u201cMore Than a Mother\u201d song by Zambian Soul Singer Wezi:<\/strong><\/p><figure class=\"wp-block-embed is-type-video is-provider-youtube wp-block-embed-youtube wp-embed-aspect-16-9 wp-has-aspect-ratio\"><div class=\"wp-block-embed__wrapper\">\n<div class=\"ast-oembed-container \" style=\"height: 100%;\"><iframe title=\"Merck Foundation More than a Mother song by Wezi from Zambia - Merck Foundation\" width=\"500\" height=\"281\" src=\"https:\/\/www.youtube.com\/embed\/TcRAHDuCjak?feature=oembed\" frameborder=\"0\" allow=\"accelerometer; autoplay; clipboard-write; encrypted-media; gyroscope; picture-in-picture; web-share\" referrerpolicy=\"strict-origin-when-cross-origin\" allowfullscreen><\/iframe><\/div>\n<\/div><\/figure><p class=\"has-text-align-center\"><strong>Watch, share &amp; subscribe to the \u201cMore Than a Mother\u201d song by Sunita Daffeh from the Gambia:\u00a0<\/strong><\/p><figure class=\"wp-block-embed is-type-video is-provider-youtube wp-block-embed-youtube wp-embed-aspect-16-9 wp-has-aspect-ratio\"><div class=\"wp-block-embed__wrapper\">\n<div class=\"ast-oembed-container \" style=\"height: 100%;\"><iframe title=\"Merck More than a Mother song by Sunita Daffeh from Gambia.\" width=\"500\" height=\"281\" src=\"https:\/\/www.youtube.com\/embed\/Cb0SEqMO0Sc?feature=oembed\" frameborder=\"0\" allow=\"accelerometer; autoplay; clipboard-write; encrypted-media; gyroscope; picture-in-picture; web-share\" referrerpolicy=\"strict-origin-when-cross-origin\" allowfullscreen><\/iframe><\/div>\n<\/div><\/figure><p><strong>Listen to all \u201cMore than a Mother\u201d songs&nbsp;<a href=\"https:\/\/merck-foundation.com\/our-programs\/Merck-Foundation-More-Than-a-Mother\/Local-Songs-and-Children-Stories\">here<\/a>:<\/strong><\/p><p>To address this important issue of breaking infertility stigma and also a wide range of other social issues, we annually launch Merck Foundation \u2018More Than a Mother\u2019 Awards in partnership with African First Ladies. I would also like to invite the African Community of Media, Fashion, Filmmaking, and Musicians, students, and potential talents in these fields to apply for the awards this year by sharing their creative work.&nbsp;<strong>Click to apply&nbsp;<a href=\"https:\/\/merck-foundation.com\/Awards-Online-Application-Form\">here<\/a><\/strong>:<\/p><p><strong>Kind regards,<br>Senator Dr. Rasha Kelej (Ret.)<br>CEO of Merck Foundation<br>President of &#8220;More Than a Mother&#8221; Movement<\/strong><\/p>","protected":false},"excerpt":{"rendered":"<p>I am truly proud to mark the\u00a010th Anniversary of \u201cMore Than a Mother\u201d movement, it has been an extraordinary journey, one that is very close to my heart. I created\u00a0\u201cMore Than a Mother\u201d\u00a0to break the stigma around infertility and to empower women living with infertility through access to information, education, health and change of mindset. [&hellip;]<\/p>\n","protected":false},"author":1,"featured_media":9513,"comment_status":"open","ping_status":"open","sticky":false,"template":"","format":"standard","meta":{"_monsterinsights_skip_tracking":false,"_monsterinsights_sitenote_active":false,"_monsterinsights_sitenote_note":"","_monsterinsights_sitenote_category":0,"site-sidebar-layout":"default","site-content-layout":"","ast-site-content-layout":"default","site-content-style":"default","site-sidebar-style":"default","ast-global-header-display":"","ast-banner-title-visibility":"","ast-main-header-display":"","ast-hfb-above-header-display":"","ast-hfb-below-header-display":"","ast-hfb-mobile-header-display":"","site-post-title":"","ast-breadcrumbs-content":"","ast-featured-img":"","footer-sml-layout":"","theme-transparent-header-meta":"","adv-header-id-meta":"","stick-header-meta":"","header-above-stick-meta":"","header-main-stick-meta":"","header-below-stick-meta":"","astra-migrate-meta-layouts":"set","ast-page-background-enabled":"default","ast-page-background-meta":{"desktop":{"background-color":"var(--ast-global-color-4)","background-image":"","background-repeat":"repeat","background-position":"center center","background-size":"auto","background-attachment":"scroll","background-type":"","background-media":"","overlay-type":"","overlay-color":"","overlay-opacity":"","overlay-gradient":""},"tablet":{"background-color":"","background-image":"","background-repeat":"repeat","background-position":"center center","background-size":"auto","background-attachment":"scroll","background-type":"","background-media":"","overlay-type":"","overlay-color":"","overlay-opacity":"","overlay-gradient":""},"mobile":{"background-color":"","background-image":"","background-repeat":"repeat","background-position":"center center","background-size":"auto","background-attachment":"scroll","background-type":"","background-media":"","overlay-type":"","overlay-color":"","overlay-opacity":"","overlay-gradient":""}},"ast-content-background-meta":{"desktop":{"background-color":"var(--ast-global-color-5)","background-image":"","background-repeat":"repeat","background-position":"center center","background-size":"auto","background-attachment":"scroll","background-type":"","background-media":"","overlay-type":"","overlay-color":"","overlay-opacity":"","overlay-gradient":""},"tablet":{"background-color":"var(--ast-global-color-5)","background-image":"","background-repeat":"repeat","background-position":"center center","background-size":"auto","background-attachment":"scroll","background-type":"","background-media":"","overlay-type":"","overlay-color":"","overlay-opacity":"","overlay-gradient":""},"mobile":{"background-color":"var(--ast-global-color-5)","background-image":"","background-repeat":"repeat","background-position":"center center","background-size":"auto","background-attachment":"scroll","background-type":"","background-media":"","overlay-type":"","overlay-color":"","overlay-opacity":"","overlay-gradient":""}},"footnotes":""},"categories":[24],"tags":[],"class_list":["post-9512","post","type-post","status-publish","format-standard","has-post-thumbnail","hentry","category-message"],"yoast_head":"<!-- This site is optimized with the Yoast SEO plugin v24.2 - https:\/\/yoast.com\/wordpress\/plugins\/seo\/ -->\n<title>Message from Dr. Rasha Kelej, CEO of Merck Foundation, on marking the 10th anniversary of the \u201cMore Than a Mother\u201d Movement | Rasha Kelej<\/title>\n<meta name=\"robots\" content=\"index, follow, max-snippet:-1, max-image-preview:large, max-video-preview:-1\" \/>\n<link rel=\"canonical\" href=\"https:\/\/rasha-kelej.com\/?p=9512\" \/>\n<meta property=\"og:locale\" content=\"en_US\" \/>\n<meta property=\"og:type\" content=\"article\" \/>\n<meta property=\"og:title\" content=\"Message from Dr. Rasha Kelej, CEO of Merck Foundation, on marking the 10th anniversary of the \u201cMore Than a Mother\u201d Movement | Rasha Kelej\" \/>\n<meta property=\"og:description\" content=\"I am truly proud to mark the\u00a010th Anniversary of \u201cMore Than a Mother\u201d movement, it has been an extraordinary journey, one that is very close to my heart. I created\u00a0\u201cMore Than a Mother\u201d\u00a0to break the stigma around infertility and to empower women living with infertility through access to information, education, health and change of mindset. [&hellip;]\" \/>\n<meta property=\"og:url\" content=\"https:\/\/rasha-kelej.com\/?p=9512\" \/>\n<meta property=\"og:site_name\" content=\"Rasha Kelej\" \/>\n<meta property=\"article:publisher\" content=\"https:\/\/www.facebook.com\/KelejRasha\/\" \/>\n<meta property=\"article:published_time\" content=\"2026-04-29T07:45:38+00:00\" \/>\n<meta property=\"article:modified_time\" content=\"2026-04-29T07:46:27+00:00\" \/>\n<meta property=\"og:image\" content=\"https:\/\/rasha-kelej.com\/wp-content\/uploads\/2026\/04\/WhatsApp-Image-2026-04-28-at-16_34_08.jpeg\" \/>\n\t<meta property=\"og:image:width\" content=\"1600\" \/>\n\t<meta property=\"og:image:height\" content=\"1000\" \/>\n\t<meta property=\"og:image:type\" content=\"image\/jpeg\" \/>\n<meta name=\"author\" content=\"Rasha Kelej\" \/>\n<meta name=\"twitter:card\" content=\"summary_large_image\" \/>\n<meta name=\"twitter:creator\" content=\"@Rashakelej\" \/>\n<meta name=\"twitter:site\" content=\"@Rashakelej\" \/>\n<meta name=\"twitter:label1\" content=\"Written by\" \/>\n\t<meta name=\"twitter:data1\" content=\"Rasha Kelej\" \/>\n\t<meta name=\"twitter:label2\" content=\"Est. reading time\" \/>\n\t<meta name=\"twitter:data2\" content=\"6 minutes\" \/>\n<script type=\"application\/ld+json\" class=\"yoast-schema-graph\">{\"@context\":\"https:\/\/schema.org\",\"@graph\":[{\"@type\":\"Article\",\"@id\":\"https:\/\/rasha-kelej.com\/?p=9512#article\",\"isPartOf\":{\"@id\":\"https:\/\/rasha-kelej.com\/?p=9512\"},\"author\":{\"name\":\"Rasha Kelej\",\"@id\":\"https:\/\/rasha-kelej.com\/#\/schema\/person\/429e6f8aa2355c3af69519b29a0fe3a5\"},\"headline\":\"Message from Dr. Rasha Kelej, CEO of Merck Foundation, on marking the 10th anniversary of the \u201cMore Than a Mother\u201d Movement\",\"datePublished\":\"2026-04-29T07:45:38+00:00\",\"dateModified\":\"2026-04-29T07:46:27+00:00\",\"mainEntityOfPage\":{\"@id\":\"https:\/\/rasha-kelej.com\/?p=9512\"},\"wordCount\":896,\"commentCount\":0,\"publisher\":{\"@id\":\"https:\/\/rasha-kelej.com\/#organization\"},\"image\":{\"@id\":\"https:\/\/rasha-kelej.com\/?p=9512#primaryimage\"},\"thumbnailUrl\":\"https:\/\/rasha-kelej.com\/wp-content\/uploads\/2026\/04\/WhatsApp-Image-2026-04-28-at-16_34_08.jpeg\",\"articleSection\":[\"Messages\"],\"inLanguage\":\"en-US\",\"potentialAction\":[{\"@type\":\"CommentAction\",\"name\":\"Comment\",\"target\":[\"https:\/\/rasha-kelej.com\/?p=9512#respond\"]}]},{\"@type\":\"WebPage\",\"@id\":\"https:\/\/rasha-kelej.com\/?p=9512\",\"url\":\"https:\/\/rasha-kelej.com\/?p=9512\",\"name\":\"Message from Dr. Rasha Kelej, CEO of Merck Foundation, on marking the 10th anniversary of the \u201cMore Than a Mother\u201d Movement | Rasha Kelej\",\"isPartOf\":{\"@id\":\"https:\/\/rasha-kelej.com\/#website\"},\"primaryImageOfPage\":{\"@id\":\"https:\/\/rasha-kelej.com\/?p=9512#primaryimage\"},\"image\":{\"@id\":\"https:\/\/rasha-kelej.com\/?p=9512#primaryimage\"},\"thumbnailUrl\":\"https:\/\/rasha-kelej.com\/wp-content\/uploads\/2026\/04\/WhatsApp-Image-2026-04-28-at-16_34_08.jpeg\",\"datePublished\":\"2026-04-29T07:45:38+00:00\",\"dateModified\":\"2026-04-29T07:46:27+00:00\",\"breadcrumb\":{\"@id\":\"https:\/\/rasha-kelej.com\/?p=9512#breadcrumb\"},\"inLanguage\":\"en-US\",\"potentialAction\":[{\"@type\":\"ReadAction\",\"target\":[\"https:\/\/rasha-kelej.com\/?p=9512\"]}]},{\"@type\":\"ImageObject\",\"inLanguage\":\"en-US\",\"@id\":\"https:\/\/rasha-kelej.com\/?p=9512#primaryimage\",\"url\":\"https:\/\/rasha-kelej.com\/wp-content\/uploads\/2026\/04\/WhatsApp-Image-2026-04-28-at-16_34_08.jpeg\",\"contentUrl\":\"https:\/\/rasha-kelej.com\/wp-content\/uploads\/2026\/04\/WhatsApp-Image-2026-04-28-at-16_34_08.jpeg\",\"width\":1600,\"height\":1000},{\"@type\":\"BreadcrumbList\",\"@id\":\"https:\/\/rasha-kelej.com\/?p=9512#breadcrumb\",\"itemListElement\":[{\"@type\":\"ListItem\",\"position\":1,\"name\":\"Home\",\"item\":\"https:\/\/rasha-kelej.com\/\"},{\"@type\":\"ListItem\",\"position\":2,\"name\":\"Message from Dr. Rasha Kelej, CEO of Merck Foundation, on marking the 10th anniversary of the \u201cMore Than a Mother\u201d Movement\"}]},{\"@type\":\"WebSite\",\"@id\":\"https:\/\/rasha-kelej.com\/#website\",\"url\":\"https:\/\/rasha-kelej.com\/\",\"name\":\"Rasha Kelej, CEO Merck Foundation\",\"description\":\"CEO Merck Foundation\",\"publisher\":{\"@id\":\"https:\/\/rasha-kelej.com\/#organization\"},\"potentialAction\":[{\"@type\":\"SearchAction\",\"target\":{\"@type\":\"EntryPoint\",\"urlTemplate\":\"https:\/\/rasha-kelej.com\/?s={search_term_string}\"},\"query-input\":{\"@type\":\"PropertyValueSpecification\",\"valueRequired\":true,\"valueName\":\"search_term_string\"}}],\"inLanguage\":\"en-US\"},{\"@type\":\"Organization\",\"@id\":\"https:\/\/rasha-kelej.com\/#organization\",\"name\":\"Rasha Kelej, CEO Merck Foundation\",\"url\":\"https:\/\/rasha-kelej.com\/\",\"logo\":{\"@type\":\"ImageObject\",\"inLanguage\":\"en-US\",\"@id\":\"https:\/\/rasha-kelej.com\/#\/schema\/logo\/image\/\",\"url\":\"https:\/\/rasha-kelej.com\/wp-content\/uploads\/2020\/06\/Rasha-Kelej-129-scaled-1.jpg\",\"contentUrl\":\"https:\/\/rasha-kelej.com\/wp-content\/uploads\/2020\/06\/Rasha-Kelej-129-scaled-1.jpg\",\"width\":1600,\"height\":1051,\"caption\":\"Rasha Kelej, CEO Merck Foundation\"},\"image\":{\"@id\":\"https:\/\/rasha-kelej.com\/#\/schema\/logo\/image\/\"},\"sameAs\":[\"https:\/\/www.facebook.com\/KelejRasha\/\",\"https:\/\/x.com\/Rashakelej\",\"https:\/\/www.instagram.com\/rasha_kelej\/\",\"https:\/\/www.linkedin.com\/in\/rasha-kelej-a5605022\/\",\"https:\/\/www.youtube.com\/channel\/UCO_bN_T_NodcOYwcPjknaog\"]},{\"@type\":\"Person\",\"@id\":\"https:\/\/rasha-kelej.com\/#\/schema\/person\/429e6f8aa2355c3af69519b29a0fe3a5\",\"name\":\"Rasha Kelej\",\"image\":{\"@type\":\"ImageObject\",\"inLanguage\":\"en-US\",\"@id\":\"https:\/\/rasha-kelej.com\/#\/schema\/person\/image\/\",\"url\":\"https:\/\/secure.gravatar.com\/avatar\/16034076025f785d0d38b5f418e84962d372eb1b565e7feba59f862e45660dcd?s=96&d=mm&r=g\",\"contentUrl\":\"https:\/\/secure.gravatar.com\/avatar\/16034076025f785d0d38b5f418e84962d372eb1b565e7feba59f862e45660dcd?s=96&d=mm&r=g\",\"caption\":\"Rasha Kelej\"}}]}<\/script>\n<!-- \/ Yoast SEO plugin. -->","yoast_head_json":{"title":"Message from Dr. Rasha Kelej, CEO of Merck Foundation, on marking the 10th anniversary of the \u201cMore Than a Mother\u201d Movement | Rasha Kelej","robots":{"index":"index","follow":"follow","max-snippet":"max-snippet:-1","max-image-preview":"max-image-preview:large","max-video-preview":"max-video-preview:-1"},"canonical":"https:\/\/rasha-kelej.com\/?p=9512","og_locale":"en_US","og_type":"article","og_title":"Message from Dr. Rasha Kelej, CEO of Merck Foundation, on marking the 10th anniversary of the \u201cMore Than a Mother\u201d Movement | Rasha Kelej","og_description":"I am truly proud to mark the\u00a010th Anniversary of \u201cMore Than a Mother\u201d movement, it has been an extraordinary journey, one that is very close to my heart. I created\u00a0\u201cMore Than a Mother\u201d\u00a0to break the stigma around infertility and to empower women living with infertility through access to information, education, health and change of mindset. [&hellip;]","og_url":"https:\/\/rasha-kelej.com\/?p=9512","og_site_name":"Rasha Kelej","article_publisher":"https:\/\/www.facebook.com\/KelejRasha\/","article_published_time":"2026-04-29T07:45:38+00:00","article_modified_time":"2026-04-29T07:46:27+00:00","og_image":[{"width":1600,"height":1000,"url":"https:\/\/rasha-kelej.com\/wp-content\/uploads\/2026\/04\/WhatsApp-Image-2026-04-28-at-16_34_08.jpeg","type":"image\/jpeg"}],"author":"Rasha Kelej","twitter_card":"summary_large_image","twitter_creator":"@Rashakelej","twitter_site":"@Rashakelej","twitter_misc":{"Written by":"Rasha Kelej","Est. reading time":"6 minutes"},"schema":{"@context":"https:\/\/schema.org","@graph":[{"@type":"Article","@id":"https:\/\/rasha-kelej.com\/?p=9512#article","isPartOf":{"@id":"https:\/\/rasha-kelej.com\/?p=9512"},"author":{"name":"Rasha Kelej","@id":"https:\/\/rasha-kelej.com\/#\/schema\/person\/429e6f8aa2355c3af69519b29a0fe3a5"},"headline":"Message from Dr. Rasha Kelej, CEO of Merck Foundation, on marking the 10th anniversary of the \u201cMore Than a Mother\u201d Movement","datePublished":"2026-04-29T07:45:38+00:00","dateModified":"2026-04-29T07:46:27+00:00","mainEntityOfPage":{"@id":"https:\/\/rasha-kelej.com\/?p=9512"},"wordCount":896,"commentCount":0,"publisher":{"@id":"https:\/\/rasha-kelej.com\/#organization"},"image":{"@id":"https:\/\/rasha-kelej.com\/?p=9512#primaryimage"},"thumbnailUrl":"https:\/\/rasha-kelej.com\/wp-content\/uploads\/2026\/04\/WhatsApp-Image-2026-04-28-at-16_34_08.jpeg","articleSection":["Messages"],"inLanguage":"en-US","potentialAction":[{"@type":"CommentAction","name":"Comment","target":["https:\/\/rasha-kelej.com\/?p=9512#respond"]}]},{"@type":"WebPage","@id":"https:\/\/rasha-kelej.com\/?p=9512","url":"https:\/\/rasha-kelej.com\/?p=9512","name":"Message from Dr. Rasha Kelej, CEO of Merck Foundation, on marking the 10th anniversary of the \u201cMore Than a Mother\u201d Movement | Rasha Kelej","isPartOf":{"@id":"https:\/\/rasha-kelej.com\/#website"},"primaryImageOfPage":{"@id":"https:\/\/rasha-kelej.com\/?p=9512#primaryimage"},"image":{"@id":"https:\/\/rasha-kelej.com\/?p=9512#primaryimage"},"thumbnailUrl":"https:\/\/rasha-kelej.com\/wp-content\/uploads\/2026\/04\/WhatsApp-Image-2026-04-28-at-16_34_08.jpeg","datePublished":"2026-04-29T07:45:38+00:00","dateModified":"2026-04-29T07:46:27+00:00","breadcrumb":{"@id":"https:\/\/rasha-kelej.com\/?p=9512#breadcrumb"},"inLanguage":"en-US","potentialAction":[{"@type":"ReadAction","target":["https:\/\/rasha-kelej.com\/?p=9512"]}]},{"@type":"ImageObject","inLanguage":"en-US","@id":"https:\/\/rasha-kelej.com\/?p=9512#primaryimage","url":"https:\/\/rasha-kelej.com\/wp-content\/uploads\/2026\/04\/WhatsApp-Image-2026-04-28-at-16_34_08.jpeg","contentUrl":"https:\/\/rasha-kelej.com\/wp-content\/uploads\/2026\/04\/WhatsApp-Image-2026-04-28-at-16_34_08.jpeg","width":1600,"height":1000},{"@type":"BreadcrumbList","@id":"https:\/\/rasha-kelej.com\/?p=9512#breadcrumb","itemListElement":[{"@type":"ListItem","position":1,"name":"Home","item":"https:\/\/rasha-kelej.com\/"},{"@type":"ListItem","position":2,"name":"Message from Dr. Rasha Kelej, CEO of Merck Foundation, on marking the 10th anniversary of the \u201cMore Than a Mother\u201d Movement"}]},{"@type":"WebSite","@id":"https:\/\/rasha-kelej.com\/#website","url":"https:\/\/rasha-kelej.com\/","name":"Rasha Kelej, CEO Merck Foundation","description":"CEO Merck Foundation","publisher":{"@id":"https:\/\/rasha-kelej.com\/#organization"},"potentialAction":[{"@type":"SearchAction","target":{"@type":"EntryPoint","urlTemplate":"https:\/\/rasha-kelej.com\/?s={search_term_string}"},"query-input":{"@type":"PropertyValueSpecification","valueRequired":true,"valueName":"search_term_string"}}],"inLanguage":"en-US"},{"@type":"Organization","@id":"https:\/\/rasha-kelej.com\/#organization","name":"Rasha Kelej, CEO Merck Foundation","url":"https:\/\/rasha-kelej.com\/","logo":{"@type":"ImageObject","inLanguage":"en-US","@id":"https:\/\/rasha-kelej.com\/#\/schema\/logo\/image\/","url":"https:\/\/rasha-kelej.com\/wp-content\/uploads\/2020\/06\/Rasha-Kelej-129-scaled-1.jpg","contentUrl":"https:\/\/rasha-kelej.com\/wp-content\/uploads\/2020\/06\/Rasha-Kelej-129-scaled-1.jpg","width":1600,"height":1051,"caption":"Rasha Kelej, CEO Merck Foundation"},"image":{"@id":"https:\/\/rasha-kelej.com\/#\/schema\/logo\/image\/"},"sameAs":["https:\/\/www.facebook.com\/KelejRasha\/","https:\/\/x.com\/Rashakelej","https:\/\/www.instagram.com\/rasha_kelej\/","https:\/\/www.linkedin.com\/in\/rasha-kelej-a5605022\/","https:\/\/www.youtube.com\/channel\/UCO_bN_T_NodcOYwcPjknaog"]},{"@type":"Person","@id":"https:\/\/rasha-kelej.com\/#\/schema\/person\/429e6f8aa2355c3af69519b29a0fe3a5","name":"Rasha Kelej","image":{"@type":"ImageObject","inLanguage":"en-US","@id":"https:\/\/rasha-kelej.com\/#\/schema\/person\/image\/","url":"https:\/\/secure.gravatar.com\/avatar\/16034076025f785d0d38b5f418e84962d372eb1b565e7feba59f862e45660dcd?s=96&d=mm&r=g","contentUrl":"https:\/\/secure.gravatar.com\/avatar\/16034076025f785d0d38b5f418e84962d372eb1b565e7feba59f862e45660dcd?s=96&d=mm&r=g","caption":"Rasha Kelej"}}]}},"_links":{"self":[{"href":"https:\/\/rasha-kelej.com\/index.php?rest_route=\/wp\/v2\/posts\/9512","targetHints":{"allow":["GET"]}}],"collection":[{"href":"https:\/\/rasha-kelej.com\/index.php?rest_route=\/wp\/v2\/posts"}],"about":[{"href":"https:\/\/rasha-kelej.com\/index.php?rest_route=\/wp\/v2\/types\/post"}],"author":[{"embeddable":true,"href":"https:\/\/rasha-kelej.com\/index.php?rest_route=\/wp\/v2\/users\/1"}],"replies":[{"embeddable":true,"href":"https:\/\/rasha-kelej.com\/index.php?rest_route=%2Fwp%2Fv2%2Fcomments&post=9512"}],"version-history":[{"count":1,"href":"https:\/\/rasha-kelej.com\/index.php?rest_route=\/wp\/v2\/posts\/9512\/revisions"}],"predecessor-version":[{"id":9522,"href":"https:\/\/rasha-kelej.com\/index.php?rest_route=\/wp\/v2\/posts\/9512\/revisions\/9522"}],"wp:featuredmedia":[{"embeddable":true,"href":"https:\/\/rasha-kelej.com\/index.php?rest_route=\/wp\/v2\/media\/9513"}],"wp:attachment":[{"href":"https:\/\/rasha-kelej.com\/index.php?rest_route=%2Fwp%2Fv2%2Fmedia&parent=9512"}],"wp:term":[{"taxonomy":"category","embeddable":true,"href":"https:\/\/rasha-kelej.com\/index.php?rest_route=%2Fwp%2Fv2%2Fcategories&post=9512"},{"taxonomy":"post_tag","embeddable":true,"href":"https:\/\/rasha-kelej.com\/index.php?rest_route=%2Fwp%2Fv2%2Ftags&post=9512"}],"curies":[{"name":"wp","href":"https:\/\/api.w.org\/{rel}","templated":true}]}}